{"id":25989212,"date":"2024-12-19T10:58:10","date_gmt":"2024-12-19T09:58:10","guid":{"rendered":"https:\/\/www.biodermogenesi.it\/?p=25989212"},"modified":"2025-06-12T16:51:44","modified_gmt":"2025-06-12T14:51:44","slug":"dlaczego-rozstepy-sie-nie-opalaja","status":"publish","type":"post","link":"https:\/\/www.biodermogenesi.com\/pl\/dlaczego-rozstepy-sie-nie-opalaja\/","title":{"rendered":"Dlaczego rozst\u0119py si\u0119 nie opalaj\u0105?"},"content":{"rendered":"<p>[et_pb_section fb_built=&#8221;1&#8243; _builder_version=&#8221;4.16&#8243; custom_padding=&#8221;17px|||||&#8221; da_disable_devices=&#8221;off|off|off&#8221; collapsed=&#8221;off&#8221; global_colors_info=&#8221;{}&#8221; da_is_popup=&#8221;off&#8221; da_exit_intent=&#8221;off&#8221; da_has_close=&#8221;on&#8221; da_alt_close=&#8221;off&#8221; da_dark_close=&#8221;off&#8221; da_not_modal=&#8221;on&#8221; da_is_singular=&#8221;off&#8221; da_with_loader=&#8221;off&#8221; da_has_shadow=&#8221;on&#8221;][et_pb_row _builder_version=&#8221;4.16&#8243; custom_padding=&#8221;16px|||||&#8221; collapsed=&#8221;off&#8221; global_colors_info=&#8221;{}&#8221;][et_pb_column type=&#8221;4_4&#8243; _builder_version=&#8221;4.16&#8243; global_colors_info=&#8221;{}&#8221;][et_pb_post_title author=&#8221;off&#8221; date=&#8221;off&#8221; categories=&#8221;off&#8221; comments=&#8221;off&#8221; featured_image=&#8221;off&#8221; _builder_version=&#8221;4.27.3&#8243; title_font=&#8221;|||on|||||&#8221; title_text_align=&#8221;left&#8221; title_text_color=&#8221;#3088b3&#8243; title_font_size=&#8221;30px&#8221; meta_font=&#8221;||||||||&#8221; meta_text_align=&#8221;left&#8221; meta_text_color=&#8221;#7c7c7c&#8221; meta_font_size=&#8221;16px&#8221; meta_line_height=&#8221;1.7em&#8221; border_width_bottom=&#8221;2px&#8221; border_color_bottom=&#8221;#3088b3&#8243; global_colors_info=&#8221;{}&#8221;][\/et_pb_post_title][\/et_pb_column][\/et_pb_row][et_pb_row make_equal=&#8221;on&#8221; _builder_version=&#8221;4.27.3&#8243; background_size=&#8221;initial&#8221; background_position=&#8221;top_left&#8221; background_repeat=&#8221;repeat&#8221; custom_padding=&#8221;13px||14px|||&#8221; collapsed=&#8221;off&#8221; global_colors_info=&#8221;{}&#8221;][et_pb_column type=&#8221;4_4&#8243; _builder_version=&#8221;4.27.3&#8243; background_enable_image=&#8221;off&#8221; background_size=&#8221;custom&#8221; background_image_width=&#8221;95%&#8221; background_image_height=&#8221;100%&#8221; custom_padding=&#8221;|||&#8221; global_colors_info=&#8221;{}&#8221; custom_padding__hover=&#8221;|||&#8221;][et_pb_text admin_label=&#8221;sotto titolo&#8221; _builder_version=&#8221;4.27.4&#8243; header_4_font=&#8221;|300|||||||&#8221; header_4_text_align=&#8221;left&#8221; header_4_text_color=&#8221;#3088B3&#8243; header_4_font_size=&#8221;24px&#8221; header_4_line_height=&#8221;1.4em&#8221; background_size=&#8221;initial&#8221; background_position=&#8221;top_left&#8221; background_repeat=&#8221;repeat&#8221; custom_margin=&#8221;-4px|||||&#8221; global_colors_info=&#8221;{}&#8221;]<\/p>\n<div class=\"xdj266r x11i5rnm xat24cr x1mh8g0r x1vvkbs x126k92a\">\n<div dir=\"auto\">\n<h4>Odkrycie prawdziwego powodu, dla kt\u00f3rego rozst\u0119py nie opalaj\u0105 si\u0119<\/h4>\n<\/div>\n<\/div>\n<div dir=\"auto\"><\/div>\n<p>[\/et_pb_text][\/et_pb_column][\/et_pb_row][et_pb_row _builder_version=&#8221;4.27.3&#8243; _module_preset=&#8221;default&#8221; custom_padding=&#8221;15px|||||&#8221; global_colors_info=&#8221;{}&#8221;][et_pb_column type=&#8221;4_4&#8243; _builder_version=&#8221;4.27.3&#8243; _module_preset=&#8221;default&#8221; global_colors_info=&#8221;{}&#8221;][et_pb_text _builder_version=&#8221;4.27.4&#8243; _module_preset=&#8221;default&#8221; text_font_size=&#8221;18px&#8221; global_colors_info=&#8221;{}&#8221;]<\/p>\n<p>Rozst\u0119py s\u0105 patologi\u0105 sk\u00f3rn\u0105 charakteryzuj\u0105c\u0105 si\u0119 mi\u0119dzy innymi niezdolno\u015bci\u0105 do opalania si\u0119 podczas ekspozycji na s\u0142o\u0144ce.<\/p>\n<p>M\u00f3wi\u0105c dok\u0142adniej, prawid\u0142owe jest rozr\u00f3\u017cnienie czerwonego rozst\u0119pu, kt\u00f3ry generalnie nadal si\u0119 opala, od bia\u0142ego rozst\u0119pu, kt\u00f3ry zamiast tego nie pigmentuje si\u0119 w okresie letnim, staj\u0105c si\u0119 bardziej odmiennym i widocznym w por\u00f3wnaniu z otaczaj\u0105c\u0105 opalon\u0105 sk\u00f3r\u0105, do tego stopnia, \u017ce powoduje nieprzyjemny &#8220;efekt zebry&#8221;.<\/p>\n<p>Ale dlaczego rozst\u0119p pocz\u0105tkowo si\u0119 opala, a potem nagle nie jest ju\u017c w stanie tego robi\u0107 przez ca\u0142e \u017cycie? Co zmienia r\u00f3wnowag\u0119 sk\u00f3ry pr\u0105\u017ckowanej?<\/p>\n<p>Na te pytania odpowiada profesor Hague z Uniwersytetu w Manchesterze [01], kt\u00f3ry zaobserwowa\u0142, jak struktura sk\u00f3ry tkanki pr\u0105\u017ckowanej zmienia si\u0119 w czasie.<\/p>\n<p>Wiemy, \u017ce opalenizna jest reakcj\u0105 na nadmiern\u0105 ilo\u015b\u0107 promieni ultrafioletowych, kt\u00f3re stymuluj\u0105 nasz\u0105 sk\u00f3r\u0119 do produkcji melaniny, kt\u00f3ra tworzy odpowiedni filtr przed tymi promieniami i nadaje naszej sk\u00f3rze ciemniejszy kolor.<\/p>\n<p>Ale czego potrzebuje nasza sk\u00f3ra do produkcji melaniny i dlaczego rozst\u0119py nie s\u0105 ju\u017c w stanie tego robi\u0107?<\/p>\n<p>Melanina jest produkowana przez specyficzne struktury w sk\u00f3rze zwane melanocytami, zlokalizowane w b\u0142onie podstawnej, kt\u00f3ra tworzy cienk\u0105 barier\u0119 oddzielaj\u0105c\u0105 nask\u00f3rek od sk\u00f3ry w\u0142a\u015bciwej.<br \/>B\u0142ona podstawna ma kszta\u0142t sinusoidy i znajduje si\u0119 na g\u0142\u0119boko\u015bci, kt\u00f3ra umo\u017cliwia aktywacj\u0119 melanocyt\u00f3w przez promienie \u015bwietlne przechodz\u0105ce przez sk\u00f3r\u0119.<\/p>\n<p>Gdy nadmierna ilo\u015b\u0107 promieni ultrafioletowych zalewa b\u0142on\u0119 podstawn\u0105, melanocyty aktywuj\u0105 produkcj\u0119 melaniny, zwi\u0119kszaj\u0105c ochron\u0119 sk\u00f3ry przed ryzykiem czerniaka i nadaj\u0105c naszej sk\u00f3rze opalony kolor.<\/p>\n<p>Uniwersytet w Manchesterze przeanalizowa\u0142, w jaki spos\u00f3b zmienia si\u0119 sk\u00f3ra na rozst\u0119pach i zauwa\u017cy\u0142, \u017ce w ci\u0105gu pierwszych dw\u00f3ch lat, kiedy rozst\u0119py s\u0105 czerwone lub jeszcze nie bia\u0142e, zmiany s\u0105 marginalne i dotycz\u0105 g\u0142\u00f3wnie kolagenu i w\u0142\u00f3kien elastycznych.<br \/>Nast\u0119pnie dochodzi do stopniowego niszczenia b\u0142ony podstawnej, kt\u00f3rej dekonstrukcja zapobiega aktywacji procesu opalania.<\/p>\n<p>Niedawno badania przeprowadzone przez Uniwersytet Chieti-Pescara i Uniwersytet w Weronie02 potwierdzi\u0142y ca\u0142kowit\u0105 dekonstrukcj\u0119 b\u0142ony podstawnej, ale tak\u017ce wykaza\u0142y post\u0119puj\u0105c\u0105 utrat\u0119 melanocyt\u00f3w.<br \/>W przypadku braku tych element\u00f3w oczywiste jest, \u017ce nasza sk\u00f3ra nie jest ju\u017c w stanie wytwarza\u0107 melaniny, a zatem rozst\u0119py nie opalaj\u0105 si\u0119.<\/p>\n<p>Proces ten jest og\u00f3lnie uwa\u017cany za nieodwracalny i uwa\u017ca si\u0119, \u017ce rozst\u0119py nie mog\u0105 powr\u00f3ci\u0107 do opalenizny.<br \/>Przekonaniu temu zaprzeczy\u0142o badanie kliniczne przeprowadzone przez Szko\u0142\u0119 Dermatologii Uniwersytetu w Pizie 03, kt\u00f3re jako pierwsze udowodni\u0142o, \u017ce Biodermogenesi\u00ae jest w stanie zreorganizowa\u0107 b\u0142on\u0119 podstawn\u0105 i odtworzy\u0107 nowe melanocyty, kt\u00f3re mog\u0105 ponownie opali\u0107 rozst\u0119py.<\/p>\n<p>P\u00f3\u017aniej inni badacze 02, 04, 05 potwierdzili, \u017ce Biodermogenesi\u00ae jest unikaln\u0105 metod\u0105, kt\u00f3ra umo\u017cliwia naturalne opalanie rozst\u0119p\u00f3w, nawet tych d\u0142u\u017cszych ni\u017c 20 lat (06).<\/p>\n<p>Potwierdzaj\u0105 to r\u00f3wnie\u017c badania, kt\u00f3re dzi\u0119ki analizie histochemicznej wykaza\u0142y, \u017ce rozst\u0119py poddane dzia\u0142aniu Biodermogenesi\u00ae odzyskuj\u0105 liczb\u0119 melanocyt\u00f3w podobn\u0105 do tej wyst\u0119puj\u0105cej w s\u0105siaduj\u0105cej tkance sk\u00f3rnej, dzi\u0119ki czemu stopniowo opalaj\u0105 si\u0119 z tak\u0105 sam\u0105 intensywno\u015bci\u0105 jak zdrowa sk\u00f3ra, bez \u017cadnych skutk\u00f3w ubocznych.<\/p>\n<p>[\/et_pb_text][\/et_pb_column][\/et_pb_row][et_pb_row _builder_version=&#8221;4.27.3&#8243; _module_preset=&#8221;default&#8221; global_colors_info=&#8221;{}&#8221;][et_pb_column type=&#8221;4_4&#8243; _builder_version=&#8221;4.27.3&#8243; _module_preset=&#8221;default&#8221; global_colors_info=&#8221;{}&#8221;][dipi_masonry_gallery gallery_ids=&#8221;25989261,25989262&#8243; columns=&#8221;2&#8243; gutter=&#8221;9&#8243; overlay_padding=&#8221;16px|30px|30px|30px|false|false&#8221; _builder_version=&#8221;4.27.3&#8243; _module_preset=&#8221;default&#8221; border_radii_grid_item=&#8221;on|10px|10px|10px|10px&#8221; border_width_all_grid_item=&#8221;1px&#8221; border_color_all_grid_item=&#8221;#3088B3&#8243; global_colors_info=&#8221;{}&#8221;][\/dipi_masonry_gallery][et_pb_text admin_label=&#8221;riferimenti&#8221; _builder_version=&#8221;4.27.4&#8243; _module_preset=&#8221;default&#8221; ol_font_size=&#8221;12px&#8221; global_colors_info=&#8221;{}&#8221;]<\/p>\n<p><strong>Referencje:<\/strong><\/p>\n<ol>\n<li>Adam Hague, Ardeshir Bayat. Therapeutic targets in the management of striae distensae: A systematic review. J Am Acad Dermatol Vol 77, number 3, September 2017:559-568<br \/><a href=\"http:\/\/dx.doi.org\/10.1016\/j.jaad.2017.02.048\">http:\/\/dx.doi.org\/10.1016\/j.jaad.2017.02.048<\/a><\/li>\n<li>Antonio Scarano, Andrea Sbarbati, Roberto Amore, Eugenio L. Iorio, Giuseppe Ferraro, Felice Lorusso, Domenico Amuso. A New Treatment for Stretch Marks and Skin Ptosis with<br \/>Electromagnetic Fields and Negative Pressure: A Clinical and Histological Study. J Cutan Aesthet Surg. 2021 Apr-Jun; 14(2): 222\u2013228. doi: 10.4103\/JCAS.JCAS_122_20: 10.4103\/JCAS.JCAS_122_20<\/li>\n<li>Artigiani A, Cervadoro G, LogginiB, Paolicchi A. Biodermogenesi\u00ae: la soluzione non invasiva nel trattamento delle smagliature. La Medicina Estetica 2012; 1,41-49<\/li>\n<li>Bacci PA, Alberti G, Amuso D, Artigiani A, Benitez Roig V, Di Nardo V, Garcia-Gimenez V, Greco D, Laura S, Pagano M, Reale A, Sarracco I, Saracoglu S, Urbani C, Venditti E, Wade M, Zunica R. The synergy between vacuum and electromagnetic fields in the treatment of striae distensae: retrospective study on 917 patients with clinical and histological case records A possible treatment for striae distensae. Journal of Applied Cosmetology, Vol. 39 iss. 1 (January-June, 2021): 43-54. ISSN 0392-8543<\/li>\n<li>Veronese S, Bacci PA, Garcia Gimenez V, Canel Micheloud CC, Haro Garc\u00eda NL, Sbarbati. A. V-EMF therapy: A new painless and completely noninvasive treatment for striae gravidarum. J Cosmet Dermatol. 2024;00:1-8. doi:10.1111\/jocd.16220<\/li>\n<li>Alberti G, Laura S. Treatment of stretch marks aged more than twenty years with the synergy of electromagnetic field and vacuum. Clinical case studies and subsequent follow up. Aesthetic Medicine 2019; 5(1)14-21.<\/li>\n<\/ol>\n<p>[\/et_pb_text][\/et_pb_column][\/et_pb_row][et_pb_row admin_label=&#8221;potrebbe interessarti (smagliature)&#8221; _builder_version=&#8221;4.27.3&#8243; _module_preset=&#8221;default&#8221; saved_tabs=&#8221;all&#8221; global_colors_info=&#8221;{}&#8221;][et_pb_column type=&#8221;4_4&#8243; _builder_version=&#8221;4.27.3&#8243; _module_preset=&#8221;default&#8221; global_colors_info=&#8221;{}&#8221;][dipi_divider content_text=&#8221;Mog\u0105 Ci\u0119 r\u00f3wnie\u017c zainteresowa\u0107&#8221; first_decoration_line_color=&#8221;#3088B3&#8243; first_line_weight=&#8221;2px&#8221; _builder_version=&#8221;4.27.4&#8243; _module_preset=&#8221;default&#8221; text_text_color=&#8221;#3088B3&#8243; text_font_size=&#8221;24px&#8221; hover_enabled=&#8221;0&#8243; global_colors_info=&#8221;{}&#8221; sticky_enabled=&#8221;0&#8243;][\/dipi_divider][dipi_blog_slider posts_number=&#8221;3&#8243; include_categories=&#8221;11,13,12&#8243; card_clickable=&#8221;on&#8221; orderby=&#8221;rand&#8221; show_author=&#8221;off&#8221; show_date=&#8221;off&#8221; show_categories=&#8221;off&#8221; show_excerpt=&#8221;off&#8221; columns=&#8221;3&#8243; space_between=&#8221;22&#8243; item_bg_color=&#8221;#FFFFFF&#8221; columns_tablet=&#8221;1&#8243; columns_phone=&#8221;1&#8243; columns_last_edited=&#8221;on|phone&#8221; _builder_version=&#8221;4.27.4&#8243; _module_preset=&#8221;default&#8221; header_text_align=&#8221;center&#8221; header_font_size=&#8221;23px&#8221; author_font=&#8221;|600|||||||&#8221; author_text_color=&#8221;#FFFFFF&#8221; date_font=&#8221;|||on|||||&#8221; border_radii_item=&#8221;on|10px|10px|10px|10px&#8221; box_shadow_style_item=&#8221;preset1&#8243; locked=&#8221;off&#8221; global_colors_info=&#8221;{}&#8221;][\/dipi_blog_slider][\/et_pb_column][\/et_pb_row][\/et_pb_section]<\/p>\n","protected":false},"excerpt":{"rendered":"<p>Odkrycie prawdziwego powodu, dla kt\u00f3rego rozst\u0119py nie opalaj\u0105 si\u0119 Rozst\u0119py s\u0105 patologi\u0105 sk\u00f3rn\u0105 charakteryzuj\u0105c\u0105 si\u0119 mi\u0119dzy innymi niezdolno\u015bci\u0105 do opalania si\u0119 podczas ekspozycji na s\u0142o\u0144ce. M\u00f3wi\u0105c dok\u0142adniej, prawid\u0142owe jest rozr\u00f3\u017cnienie czerwonego rozst\u0119pu, kt\u00f3ry generalnie nadal si\u0119 opala, od bia\u0142ego rozst\u0119pu, kt\u00f3ry zamiast tego nie pigmentuje si\u0119 w okresie letnim, staj\u0105c si\u0119 bardziej odmiennym i widocznym [&hellip;]<\/p>\n","protected":false},"author":1,"featured_media":25990646,"comment_status":"closed","ping_status":"closed","sticky":false,"template":"","format":"standard","meta":{"_et_pb_use_builder":"on","_et_pb_old_content":"","_et_gb_content_width":"","footnotes":""},"categories":[11],"tags":[],"dipi_cpt_category":[],"class_list":["post-25989212","post","type-post","status-publish","format-standard","has-post-thumbnail","hentry","category-stretch-marks"],"_links":{"self":[{"href":"https:\/\/www.biodermogenesi.com\/pl\/wp-json\/wp\/v2\/posts\/25989212","targetHints":{"allow":["GET"]}}],"collection":[{"href":"https:\/\/www.biodermogenesi.com\/pl\/wp-json\/wp\/v2\/posts"}],"about":[{"href":"https:\/\/www.biodermogenesi.com\/pl\/wp-json\/wp\/v2\/types\/post"}],"author":[{"embeddable":true,"href":"https:\/\/www.biodermogenesi.com\/pl\/wp-json\/wp\/v2\/users\/1"}],"replies":[{"embeddable":true,"href":"https:\/\/www.biodermogenesi.com\/pl\/wp-json\/wp\/v2\/comments?post=25989212"}],"version-history":[{"count":7,"href":"https:\/\/www.biodermogenesi.com\/pl\/wp-json\/wp\/v2\/posts\/25989212\/revisions"}],"predecessor-version":[{"id":25990784,"href":"https:\/\/www.biodermogenesi.com\/pl\/wp-json\/wp\/v2\/posts\/25989212\/revisions\/25990784"}],"wp:featuredmedia":[{"embeddable":true,"href":"https:\/\/www.biodermogenesi.com\/pl\/wp-json\/wp\/v2\/media\/25990646"}],"wp:attachment":[{"href":"https:\/\/www.biodermogenesi.com\/pl\/wp-json\/wp\/v2\/media?parent=25989212"}],"wp:term":[{"taxonomy":"category","embeddable":true,"href":"https:\/\/www.biodermogenesi.com\/pl\/wp-json\/wp\/v2\/categories?post=25989212"},{"taxonomy":"post_tag","embeddable":true,"href":"https:\/\/www.biodermogenesi.com\/pl\/wp-json\/wp\/v2\/tags?post=25989212"},{"taxonomy":"dipi_cpt_category","embeddable":true,"href":"https:\/\/www.biodermogenesi.com\/pl\/wp-json\/wp\/v2\/dipi_cpt_category?post=25989212"}],"curies":[{"name":"wp","href":"https:\/\/api.w.org\/{rel}","templated":true}]}}