{"id":25989191,"date":"2024-12-19T10:02:04","date_gmt":"2024-12-19T09:02:04","guid":{"rendered":"https:\/\/www.biodermogenesi.it\/?p=25989191"},"modified":"2025-06-12T16:50:53","modified_gmt":"2025-06-12T14:50:53","slug":"jak-leczyc-stare-biale-i-perlowe-rozstepy","status":"publish","type":"post","link":"https:\/\/www.biodermogenesi.com\/pl\/jak-leczyc-stare-biale-i-perlowe-rozstepy\/","title":{"rendered":"Jak leczy\u0107 stare, bia\u0142e i per\u0142owe rozst\u0119py"},"content":{"rendered":"<p>[et_pb_section fb_built=&#8221;1&#8243; _builder_version=&#8221;4.16&#8243; custom_padding=&#8221;17px|||||&#8221; da_disable_devices=&#8221;off|off|off&#8221; collapsed=&#8221;off&#8221; global_colors_info=&#8221;{}&#8221; da_is_popup=&#8221;off&#8221; da_exit_intent=&#8221;off&#8221; da_has_close=&#8221;on&#8221; da_alt_close=&#8221;off&#8221; da_dark_close=&#8221;off&#8221; da_not_modal=&#8221;on&#8221; da_is_singular=&#8221;off&#8221; da_with_loader=&#8221;off&#8221; da_has_shadow=&#8221;on&#8221;][et_pb_row _builder_version=&#8221;4.16&#8243; custom_padding=&#8221;16px|||||&#8221; collapsed=&#8221;off&#8221; global_colors_info=&#8221;{}&#8221;][et_pb_column type=&#8221;4_4&#8243; _builder_version=&#8221;4.16&#8243; global_colors_info=&#8221;{}&#8221;][et_pb_post_title author=&#8221;off&#8221; date=&#8221;off&#8221; categories=&#8221;off&#8221; comments=&#8221;off&#8221; featured_image=&#8221;off&#8221; _builder_version=&#8221;4.27.3&#8243; title_font=&#8221;|||on|||||&#8221; title_text_align=&#8221;left&#8221; title_text_color=&#8221;#3088b3&#8243; title_font_size=&#8221;30px&#8221; meta_font=&#8221;||||||||&#8221; meta_text_align=&#8221;left&#8221; meta_text_color=&#8221;#7c7c7c&#8221; meta_font_size=&#8221;16px&#8221; meta_line_height=&#8221;1.7em&#8221; border_width_bottom=&#8221;2px&#8221; border_color_bottom=&#8221;#3088b3&#8243; global_colors_info=&#8221;{}&#8221;][\/et_pb_post_title][\/et_pb_column][\/et_pb_row][et_pb_row make_equal=&#8221;on&#8221; _builder_version=&#8221;4.27.3&#8243; background_size=&#8221;initial&#8221; background_position=&#8221;top_left&#8221; background_repeat=&#8221;repeat&#8221; custom_padding=&#8221;13px||14px|||&#8221; collapsed=&#8221;off&#8221; global_colors_info=&#8221;{}&#8221;][et_pb_column type=&#8221;4_4&#8243; _builder_version=&#8221;4.27.3&#8243; background_enable_image=&#8221;off&#8221; background_size=&#8221;custom&#8221; background_image_width=&#8221;95%&#8221; background_image_height=&#8221;100%&#8221; custom_padding=&#8221;|||&#8221; global_colors_info=&#8221;{}&#8221; custom_padding__hover=&#8221;|||&#8221;][et_pb_text admin_label=&#8221;sotto titolo&#8221; _builder_version=&#8221;4.27.4&#8243; header_4_font=&#8221;|300|||||||&#8221; header_4_text_align=&#8221;left&#8221; header_4_text_color=&#8221;#3088B3&#8243; header_4_font_size=&#8221;24px&#8221; header_4_line_height=&#8221;1.4em&#8221; background_size=&#8221;initial&#8221; background_position=&#8221;top_left&#8221; background_repeat=&#8221;repeat&#8221; custom_margin=&#8221;-4px|||||&#8221; hover_enabled=&#8221;0&#8243; global_colors_info=&#8221;{}&#8221; sticky_enabled=&#8221;0&#8243;]<\/p>\n<div class=\"xdj266r x11i5rnm xat24cr x1mh8g0r x1vvkbs x126k92a\">\n<div dir=\"auto\">\n<h4>Bia\u0142e rozst\u0119py zawsze by\u0142y uwa\u017cane za nieuleczalne; dzi\u015b wiemy, \u017ce tak nie jest i nawet te starsze ni\u017c dwadzie\u015bcia lat mo\u017cna skutecznie leczy\u0107!<\/h4>\n<\/div>\n<\/div>\n<div dir=\"auto\"><\/div>\n<p>[\/et_pb_text][\/et_pb_column][\/et_pb_row][et_pb_row _builder_version=&#8221;4.27.3&#8243; _module_preset=&#8221;default&#8221; custom_padding=&#8221;15px|||||&#8221; global_colors_info=&#8221;{}&#8221;][et_pb_column type=&#8221;4_4&#8243; _builder_version=&#8221;4.27.3&#8243; _module_preset=&#8221;default&#8221; global_colors_info=&#8221;{}&#8221;][et_pb_text _builder_version=&#8221;4.27.4&#8243; _module_preset=&#8221;default&#8221; text_font_size=&#8221;18px&#8221; link_font=&#8221;||||on||||&#8221; link_text_color=&#8221;#000000&#8243; global_colors_info=&#8221;{}&#8221;]<\/p>\n<p>Bia\u0142e i per\u0142owe rozst\u0119py, technicznie zdefiniowane jako &#8220;striae albae&#8221;, zawsze by\u0142y uwa\u017cane za nieuleczalne, ale czy nadal tak jest?<\/p>\n<p>Wraz z up\u0142ywem lat rozst\u0119py staj\u0105 si\u0119 bia\u0142e, zag\u0142\u0119bione i opr\u00f3\u017cnione oraz per\u0142owe; w momencie ich powstawania pojawiaj\u0105 si\u0119 czerwone, zaognione i wykryte przez okres oko\u0142o kilku lat, zwany faz\u0105 zapaln\u0105, a nast\u0119pnie stopniowo zaczynaj\u0105 si\u0119 opr\u00f3\u017cnia\u0107 i traci\u0107 substancj\u0119 i konsystencj\u0119.<\/p>\n<p>Doktor Hague z Uniwersytetu w Manchesterze 01 uczy nas, \u017ce kiedy staj\u0105 si\u0119 bia\u0142e i zanikowe w tkance, nast\u0105pi\u0142y znacz\u0105ce zmiany.<\/p>\n<p>Analiza biooptyczna pokazuje nam post\u0119puj\u0105c\u0105 utrat\u0119 kolagenu i w\u0142\u00f3kien elastycznych, ca\u0142kowite zniszczenie b\u0142ony podstawnej, kt\u00f3ra oddziela nask\u00f3rek (zewn\u0119trzn\u0105 warstw\u0119 sk\u00f3ry) od sk\u00f3ry w\u0142a\u015bciwej (warstwy \u015brodkowej) oraz zmniejszenie siateczki naczy\u0144 w\u0142osowatych.<\/p>\n<p>[\/et_pb_text][et_pb_heading title=&#8221;Co to oznacza w praktyce?&#8221; _builder_version=&#8221;4.27.4&#8243; _module_preset=&#8221;default&#8221; title_level=&#8221;h3&#8243; title_text_color=&#8221;#3088B3&#8243; global_colors_info=&#8221;{}&#8221;][\/et_pb_heading][et_pb_text _builder_version=&#8221;4.27.4&#8243; _module_preset=&#8221;default&#8221; text_font_size=&#8221;18px&#8221; link_font=&#8221;||||on||||&#8221; link_text_color=&#8221;#000000&#8243; global_colors_info=&#8221;{}&#8221;]<\/p>\n<p>Utrata kolagenu i elastyny zuba\u017ca sk\u00f3r\u0119, kt\u00f3ra traci obj\u0119to\u015b\u0107, opr\u00f3\u017cnia si\u0119 i uelastycznia; zniszczenie b\u0142ony podstawnej jest przyczyn\u0105 braku opalenizny rozst\u0119p\u00f3w, poniewa\u017c w\u0142a\u015bnie w zdrowej i nienaruszonej b\u0142onie podstawnej znajduj\u0105 si\u0119 melanocyty, kt\u00f3re aktywuj\u0105 produkcj\u0119 melaniny pod wp\u0142ywem promieni ultrafioletowych.<\/p>\n<p>Ale prawdopodobnie najpowa\u017cniejszym aspektem jest zmniejszenie mikrokr\u0105\u017cenia krwi; w rzeczywisto\u015bci powinni\u015bmy pami\u0119ta\u0107, \u017ce od\u017cywianie naszych kom\u00f3rek przechodzi z macierzy zewn\u0105trzkom\u00f3rkowej, ale dociera bezpo\u015brednio z uk\u0142adu krwiono\u015bnego.<\/p>\n<p>Zmniejszona funkcjonalno\u015b\u0107 sieci naczy\u0144 w\u0142osowatych uniemo\u017cliwia zatem od\u017cywianie kom\u00f3rek, zmieniaj\u0105c w ten spos\u00f3b r\u00f3wnowag\u0119 regeneracyjn\u0105: nasze kom\u00f3rki nie otrzymuj\u0105 wystarczaj\u0105cej ilo\u015bci energii i sk\u0142adnik\u00f3w od\u017cywczych, aby zrekompensowa\u0107 te, kt\u00f3re tracimy w wyniku apoptozy (tj. normalnej \u015bmierci kom\u00f3rki pod koniec jej cyklu \u017cycia) nowymi, i dlatego rozst\u0119p stopniowo si\u0119 opr\u00f3\u017cnia i z czasem staje si\u0119 coraz g\u0142\u0119bszy i bardziej widoczny.<\/p>\n<p>Do tej pory wypr\u00f3bowano wiele metod leczenia tej prawdziwej patologii sk\u00f3ry, w wi\u0119kszo\u015bci przypadk\u00f3w nie zapewniaj\u0105c znacz\u0105cej poprawy, praktycznie utrwalaj\u0105c przekonanie, \u017ce bia\u0142y rozst\u0119p jest nieuleczalny.<\/p>\n<p>Opr\u00f3cz ma\u0142o zach\u0119caj\u0105cych wynik\u00f3w, wielokrotnie ni\u017cszych od oczekiwa\u0144 pacjent\u00f3w, terapie te charakteryzuj\u0105 si\u0119 r\u00f3wnie\u017c pewnymi negatywnymi aspektami, takimi jak b\u00f3l, znaczne ryzyko wyst\u0105pienia innych ni\u017c powa\u017cne skutk\u00f3w ubocznych oraz ograniczenie stylu \u017cycia i ekspozycji na s\u0142o\u0144ce, czasami nawet do sze\u015bciu miesi\u0119cy.<\/p>\n<p>Prawdopodobnie wynika to r\u00f3wnie\u017c z faktu, \u017ce r\u00f3\u017cne zabiegi oferowane na rozst\u0119py nie s\u0105 dok\u0142adnie zaprojektowane i opracowane dla takich patologii, ale dla innych, z wyj\u0105tkiem dostosowania ich r\u00f3wnie\u017c do tego konkretnego zastosowania.<\/p>\n<p>Ale teraz wiemy, \u017ce leczenie bia\u0142ych i starych rozst\u0119p\u00f3w jest mo\u017cliwe, a nawet z doskona\u0142ymi wynikami dzi\u0119ki metodzie medycznej zwanej Biodermogenesi\u00ae lub VEMFtherapy\u00ae.<\/p>\n<p>Biodermogenesi\u00ae to terapia oparta na urz\u0105dzeniu medycznym o nazwie Bi-one\u00ae LifeTouchTherapy, kt\u00f3re pozwala dzia\u0142a\u0107 na kilku poziomach w regeneracji lu\u017anej sk\u00f3ry dzi\u0119ki wielu formom energii dostarczanej w po\u0142\u0105czeniu ze sob\u0105.<\/p>\n<p>Biodermogenesi\u00ae \u0142\u0105czy dzia\u0142anie pr\u00f3\u017cni z polem elektromagnetycznym i elektroporacj\u0105, wspomagaj\u0105c dzia\u0142anie naprawcze sk\u00f3ry.<\/p>\n<p>Podci\u015bnienie pozwala na reaktywacj\u0119 mikrokr\u0105\u017cenia [02], dzi\u0119ki czemu nasze naczynia w\u0142osowate b\u0119d\u0105 w stanie ponownie przekazywa\u0107 sk\u0142adniki od\u017cywcze i tlen do sk\u00f3ry, podczas gdy uk\u0142ad limfatyczny b\u0119dzie w stanie odzyska\u0107 toksyny odpadowe z metabolizmu kom\u00f3rkowego.<\/p>\n<p>Jednocze\u015bnie pole elektromagnetyczne pozwoli tlenowi i sk\u0142adnikom od\u017cywczym przemieszcza\u0107 si\u0119 wewn\u0105trz kom\u00f3rek, wspieraj\u0105c tworzenie nowego kolagenu i w\u0142\u00f3kien elastycznych [03], [04], umo\u017cliwiaj\u0105c r\u00f3wnie\u017c reorganizacj\u0119 b\u0142ony podstawnej [03], [04], [05] i produkcj\u0119 nowych melanocyt\u00f3w [03], [04], co pozwoli rozst\u0119pom powr\u00f3ci\u0107 do opalania [03], [04], [05], [06], tak jak otaczaj\u0105ca je zdrowa sk\u00f3ra.<\/p>\n<p>Podczas gdy wszystko to si\u0119 dzieje, elektroporacja wspomaga wch\u0142anianie kosmetyk\u00f3w nawil\u017caj\u0105cych i sk\u0142adnik\u00f3w od\u017cywczych na rozst\u0119py przez warstw\u0119 rogow\u0105 nask\u00f3rka.<\/p>\n<p>Obecnie Biodermogenesi\u00ae jest unikaln\u0105 metod\u0105, kt\u00f3ra mo\u017ce udowodni\u0107 swoj\u0105 skuteczno\u015b\u0107 dzi\u0119ki kilku badaniom klinicznym opublikowanym w presti\u017cowych czasopismach naukowych z ponad 1300 udokumentowanymi procesami terapeutycznymi.<\/p>\n<p>W badaniach tych odnotowano, \u017ce wszyscy pacjenci zauwa\u017cyli popraw\u0119 swoich rozst\u0119p\u00f3w, a ponad 85% zadeklarowa\u0142o, \u017ce s\u0105 bardzo lub bardzo zadowoleni z uzyskanych wynik\u00f3w, \u017ce terapia by\u0142a niezwykle przyjemna i \u017ce nie zaobserwowano \u017cadnych skutk\u00f3w ubocznych, nawet niewielkich.<\/p>\n<p>Reorganizacja b\u0142ony podstawnej i produkcja nowych melanocyt\u00f3w pozwalaj\u0105 pacjentom na ekspozycj\u0119 na s\u0142o\u0144ce bez \u017cadnych ogranicze\u0144.<\/p>\n<p>Tak wi\u0119c dzi\u015b mo\u017cliwe jest leczenie, wype\u0142nianie, regeneracja i opalanie starych bia\u0142ych rozst\u0119p\u00f3w.<\/p>\n<p>[\/et_pb_text][\/et_pb_column][\/et_pb_row][et_pb_row _builder_version=&#8221;4.27.3&#8243; _module_preset=&#8221;default&#8221; global_colors_info=&#8221;{}&#8221;][et_pb_column type=&#8221;4_4&#8243; _builder_version=&#8221;4.27.3&#8243; _module_preset=&#8221;default&#8221; global_colors_info=&#8221;{}&#8221;][dipi_masonry_gallery gallery_ids=&#8221;25989199,25989197,25989205&#8243; columns=&#8221;3&#8243; gutter=&#8221;9&#8243; overlay_padding=&#8221;16px|30px|30px|30px|false|false&#8221; _builder_version=&#8221;4.27.3&#8243; _module_preset=&#8221;default&#8221; border_radii_grid_item=&#8221;on|10px|10px|10px|10px&#8221; border_width_all_grid_item=&#8221;1px&#8221; border_color_all_grid_item=&#8221;#3088B3&#8243; global_colors_info=&#8221;{}&#8221;][\/dipi_masonry_gallery][et_pb_text admin_label=&#8221;riferimenti&#8221; _builder_version=&#8221;4.27.4&#8243; _module_preset=&#8221;default&#8221; ol_font_size=&#8221;12px&#8221; global_colors_info=&#8221;{}&#8221;]<\/p>\n<p><strong>Referencje:<\/strong><\/p>\n<ol>\n<li>Adam Hague, Ardeshir Bayat. Therapeutic targets in the management of striae distensae: A systematic review. J Am Acad Dermatol Vol 77, number 3, September 2017:559-568<br \/><a href=\"http:\/\/dx.doi.org\/10.1016\/j.jaad.2017.02.048\">http:\/\/dx.doi.org\/10.1016\/j.jaad.2017.02.048<\/a><\/li>\n<li>Peter Moortgat, Mieke Anthonissen, Jill Meirte, Ulrike Van Daele, Koen Maertens. The physical and physiological effects of vacuum massage on the different skin layers: a current status of the literature. Burns &amp; Trauma (2016) 4:34 DOI 10.1186\/s41038-016-0053-9<\/li>\n<li>\u00a0Antonio Scarano, Andrea Sbarbati, Roberto Amore, Eugenio L. Iorio, Giuseppe Ferraro, Felice Lorusso, Domenico Amuso. A New Treatment for Stretch Marks and Skin Ptosis with<br \/>Electromagnetic Fields and Negative Pressure: A Clinical and Histological Study. J Cutan Aesthet Surg. 2021 Apr-Jun; 14(2): 222\u2013228. doi: 10.4103\/JCAS.JCAS_122_20: 10.4103\/JCAS.JCAS_122_20<\/li>\n<li>\u00a0Bacci PA, Alberti G, Amuso D, Artigiani A, Benitez Roig V, Di Nardo V, Garcia-Gimenez V, Greco D, Laura S, Pagano M, Reale A, Sarracco I, Saracoglu S, Urbani C, Venditti E, Wade M, Zunica R. The synergy between vacuum and electromagnetic fields in the treatment of striae distensae: retrospective study on 917 patients with clinical and histological case records A possible treatment for striae distensae. Journal of Applied Cosmetology, Vol. 39 iss. 1 (January-June, 2021): 43-54. ISSN 0392-8543<\/li>\n<li>\u00a0Alberti G, Laura S. Treatment of stretch marks aged more than twenty years with the synergy of electromagnetic field and vacuum. Clinical case studies and subsequent follow up. Aesthetic Medicine 2019; 5(1)14-21.<\/li>\n<li>\u00a0Veronese S, Bacci PA, Garcia Gimenez V, Canel Micheloud CC, Haro Garc\u00eda NL, Sbarbati. A. V-EMF therapy: A new painless and completely noninvasive treatment for striae gravidarum. J Cosmet Dermatol. 2024;00:1-8. doi:10.1111\/jocd.16220<\/li>\n<\/ol>\n<p>[\/et_pb_text][\/et_pb_column][\/et_pb_row][et_pb_row admin_label=&#8221;potrebbe interessarti (smagliature)&#8221; _builder_version=&#8221;4.27.3&#8243; _module_preset=&#8221;default&#8221; saved_tabs=&#8221;all&#8221; global_colors_info=&#8221;{}&#8221;][et_pb_column type=&#8221;4_4&#8243; _builder_version=&#8221;4.27.3&#8243; _module_preset=&#8221;default&#8221; global_colors_info=&#8221;{}&#8221;][dipi_divider content_text=&#8221;Mog\u0105 Ci\u0119 r\u00f3wnie\u017c zainteresowa\u0107&#8221; first_decoration_line_color=&#8221;#3088B3&#8243; first_line_weight=&#8221;2px&#8221; _builder_version=&#8221;4.27.4&#8243; _module_preset=&#8221;default&#8221; text_text_color=&#8221;#3088B3&#8243; text_font_size=&#8221;24px&#8221; hover_enabled=&#8221;0&#8243; global_colors_info=&#8221;{}&#8221; sticky_enabled=&#8221;0&#8243;][\/dipi_divider][dipi_blog_slider posts_number=&#8221;3&#8243; include_categories=&#8221;11,13,12&#8243; card_clickable=&#8221;on&#8221; orderby=&#8221;rand&#8221; show_author=&#8221;off&#8221; show_date=&#8221;off&#8221; show_categories=&#8221;off&#8221; show_excerpt=&#8221;off&#8221; columns=&#8221;3&#8243; space_between=&#8221;22&#8243; item_bg_color=&#8221;#FFFFFF&#8221; columns_tablet=&#8221;1&#8243; columns_phone=&#8221;1&#8243; columns_last_edited=&#8221;on|phone&#8221; _builder_version=&#8221;4.27.4&#8243; _module_preset=&#8221;default&#8221; header_text_align=&#8221;center&#8221; header_font_size=&#8221;23px&#8221; author_font=&#8221;|600|||||||&#8221; author_text_color=&#8221;#FFFFFF&#8221; date_font=&#8221;|||on|||||&#8221; border_radii_item=&#8221;on|10px|10px|10px|10px&#8221; box_shadow_style_item=&#8221;preset1&#8243; locked=&#8221;off&#8221; global_colors_info=&#8221;{}&#8221;][\/dipi_blog_slider][\/et_pb_column][\/et_pb_row][\/et_pb_section]<\/p>\n","protected":false},"excerpt":{"rendered":"<p>Bia\u0142e rozst\u0119py zawsze by\u0142y uwa\u017cane za nieuleczalne; dzi\u015b wiemy, \u017ce tak nie jest i nawet te starsze ni\u017c dwadzie\u015bcia lat mo\u017cna skutecznie leczy\u0107! Bia\u0142e i per\u0142owe rozst\u0119py, technicznie zdefiniowane jako &#8220;striae albae&#8221;, zawsze by\u0142y uwa\u017cane za nieuleczalne, ale czy nadal tak jest? Wraz z up\u0142ywem lat rozst\u0119py staj\u0105 si\u0119 bia\u0142e, zag\u0142\u0119bione i opr\u00f3\u017cnione oraz per\u0142owe; [&hellip;]<\/p>\n","protected":false},"author":1,"featured_media":25990658,"comment_status":"closed","ping_status":"closed","sticky":false,"template":"","format":"standard","meta":{"_et_pb_use_builder":"on","_et_pb_old_content":"","_et_gb_content_width":"","footnotes":""},"categories":[11],"tags":[],"dipi_cpt_category":[],"class_list":["post-25989191","post","type-post","status-publish","format-standard","has-post-thumbnail","hentry","category-stretch-marks"],"_links":{"self":[{"href":"https:\/\/www.biodermogenesi.com\/pl\/wp-json\/wp\/v2\/posts\/25989191","targetHints":{"allow":["GET"]}}],"collection":[{"href":"https:\/\/www.biodermogenesi.com\/pl\/wp-json\/wp\/v2\/posts"}],"about":[{"href":"https:\/\/www.biodermogenesi.com\/pl\/wp-json\/wp\/v2\/types\/post"}],"author":[{"embeddable":true,"href":"https:\/\/www.biodermogenesi.com\/pl\/wp-json\/wp\/v2\/users\/1"}],"replies":[{"embeddable":true,"href":"https:\/\/www.biodermogenesi.com\/pl\/wp-json\/wp\/v2\/comments?post=25989191"}],"version-history":[{"count":8,"href":"https:\/\/www.biodermogenesi.com\/pl\/wp-json\/wp\/v2\/posts\/25989191\/revisions"}],"predecessor-version":[{"id":25990772,"href":"https:\/\/www.biodermogenesi.com\/pl\/wp-json\/wp\/v2\/posts\/25989191\/revisions\/25990772"}],"wp:featuredmedia":[{"embeddable":true,"href":"https:\/\/www.biodermogenesi.com\/pl\/wp-json\/wp\/v2\/media\/25990658"}],"wp:attachment":[{"href":"https:\/\/www.biodermogenesi.com\/pl\/wp-json\/wp\/v2\/media?parent=25989191"}],"wp:term":[{"taxonomy":"category","embeddable":true,"href":"https:\/\/www.biodermogenesi.com\/pl\/wp-json\/wp\/v2\/categories?post=25989191"},{"taxonomy":"post_tag","embeddable":true,"href":"https:\/\/www.biodermogenesi.com\/pl\/wp-json\/wp\/v2\/tags?post=25989191"},{"taxonomy":"dipi_cpt_category","embeddable":true,"href":"https:\/\/www.biodermogenesi.com\/pl\/wp-json\/wp\/v2\/dipi_cpt_category?post=25989191"}],"curies":[{"name":"wp","href":"https:\/\/api.w.org\/{rel}","templated":true}]}}